{"id":282,"count":1,"description":"Desenvolvida para promover umidifica\u00e7\u00e3o eficaz do ar em ventila\u00e7\u00e3o mec\u00e2nica, a jarra para umidifica\u00e7\u00e3o aquecida Protec garante conforto respirat\u00f3rio ao paciente, seguran\u00e7a no procedimento e compatibilidade com diversos circuitos hospitalares.","link":"https:\/\/www.protec.com.br\/es\/categoria-producto\/menu-anestesia\/jarra-para-umidificacao-aquecida\/","name":"C\u00e1mara de humidificaci\u00f3n","slug":"jarra-para-umidificacao-aquecida","taxonomy":"product_cat","parent":21,"meta":[],"acf":[],"_links":{"self":[{"href":"https:\/\/www.protec.com.br\/es\/wp-json\/wp\/v2\/product_cat\/282","targetHints":{"allow":["GET"]}}],"collection":[{"href":"https:\/\/www.protec.com.br\/es\/wp-json\/wp\/v2\/product_cat"}],"about":[{"href":"https:\/\/www.protec.com.br\/es\/wp-json\/wp\/v2\/taxonomies\/product_cat"}],"up":[{"embeddable":true,"href":"https:\/\/www.protec.com.br\/es\/wp-json\/wp\/v2\/product_cat\/21"}],"wp:post_type":[{"href":"https:\/\/www.protec.com.br\/es\/wp-json\/wp\/v2\/product?product_cat=282"}],"curies":[{"name":"wp","href":"https:\/\/api.w.org\/{rel}","templated":true}]}}