{"id":44411,"date":"2026-03-13T09:08:54","date_gmt":"2026-03-13T12:08:54","guid":{"rendered":"https:\/\/www.protec.com.br\/?p=44411"},"modified":"2026-03-13T11:50:18","modified_gmt":"2026-03-13T14:50:18","slug":"protec-inicia-nova-turma-do-projeto-protec-jovem","status":"publish","type":"post","link":"https:\/\/www.protec.com.br\/es\/protec-inicia-nova-turma-do-projeto-protec-jovem\/","title":{"rendered":"Impacto social na pr\u00e1tica: PROTEC inicia nova turma do projeto PROTEC + Jovem"},"content":{"rendered":"<div class=\"x_elementToProof\" data-olk-copy-source=\"MessageBody\">A PROTEC inicia a <b>segunda turma do Projeto PROTEC + Jovem<\/b>, reafirmando seu compromisso com o desenvolvimento de novas gera\u00e7\u00f5es e com a cria\u00e7\u00e3o de oportunidades reais de forma\u00e7\u00e3o e crescimento profissional.<\/div>\n<div data-olk-copy-source=\"MessageBody\"><\/div>\n<div class=\"x_elementToProof\">Alinhado aos princ\u00edpios de\u00a0<b>ESG<\/b>, o projeto oferece uma jornada de aprendizado que integra conhecimentos t\u00e9cnicos e desenvolvimento humano. Entre os temas trabalhados est\u00e3o\u00a0<b>gest\u00e3o de projetos, marketing, compet\u00eancias socioemocionais, educa\u00e7\u00e3o financeira, inova\u00e7\u00e3o, gest\u00e3o da qualidade e log\u00edstica<\/b>, entre outros conte\u00fados que preparam os participantes para os desafios do mundo do trabalho.<\/div>\n<div><\/div>\n<div class=\"x_elementToProof\">Para\u00a0<b>Kelly Massadi, diretora da PROTEC<\/b>, iniciativas como essa refletem o papel social das empresas na forma\u00e7\u00e3o de talentos e na constru\u00e7\u00e3o de oportunidades:<\/div>\n<div><\/div>\n<div class=\"x_elementToProof\">\u201c<em>O PROTEC + Jovem nasce da nossa convic\u00e7\u00e3o de que investir na forma\u00e7\u00e3o de jovens \u00e9 investir no futuro da sociedade. Queremos contribuir para que esses participantes desenvolvam n\u00e3o apenas compet\u00eancias profissionais, mas tamb\u00e9m vis\u00e3o de mundo, responsabilidade e confian\u00e7a para construir suas pr\u00f3prias trajet\u00f3rias<\/em><b>\u201d<\/b>, destaca.<\/div>\n<div><\/div>\n<div class=\"x_elementToProof\">Mais do que capacitar, a PROTEC acredita no papel das empresas como agentes de transforma\u00e7\u00e3o social, contribuindo para o desenvolvimento de talentos e para a constru\u00e7\u00e3o de um futuro mais sustent\u00e1vel.<\/div>\n<p>&nbsp;<\/p>","protected":false},"excerpt":{"rendered":"<p>A PROTEC inicia a segunda turma do Projeto PROTEC + Jovem, reafirmando seu compromisso com o desenvolvimento de novas gera\u00e7\u00f5es e com a cria\u00e7\u00e3o de oportunidades reais de forma\u00e7\u00e3o e crescimento profissional. Alinhado aos princ\u00edpios de\u00a0ESG, o projeto oferece uma jornada de aprendizado que integra conhecimentos t\u00e9cnicos e desenvolvimento humano. Entre os temas trabalhados est\u00e3o\u00a0gest\u00e3o [&hellip;]<\/p>\n","protected":false},"author":2507,"featured_media":44412,"comment_status":"open","ping_status":"open","sticky":false,"template":"","format":"standard","meta":{"_acf_changed":false,"footnotes":""},"categories":[39],"tags":[577,578],"class_list":["post-44411","post","type-post","status-publish","format-standard","has-post-thumbnail","hentry","category-blog","tag-projeto","tag-protecjovem"],"acf":[],"_links":{"self":[{"href":"https:\/\/www.protec.com.br\/es\/wp-json\/wp\/v2\/posts\/44411","targetHints":{"allow":["GET"]}}],"collection":[{"href":"https:\/\/www.protec.com.br\/es\/wp-json\/wp\/v2\/posts"}],"about":[{"href":"https:\/\/www.protec.com.br\/es\/wp-json\/wp\/v2\/types\/post"}],"author":[{"embeddable":true,"href":"https:\/\/www.protec.com.br\/es\/wp-json\/wp\/v2\/users\/2507"}],"replies":[{"embeddable":true,"href":"https:\/\/www.protec.com.br\/es\/wp-json\/wp\/v2\/comments?post=44411"}],"version-history":[{"count":1,"href":"https:\/\/www.protec.com.br\/es\/wp-json\/wp\/v2\/posts\/44411\/revisions"}],"predecessor-version":[{"id":44413,"href":"https:\/\/www.protec.com.br\/es\/wp-json\/wp\/v2\/posts\/44411\/revisions\/44413"}],"wp:featuredmedia":[{"embeddable":true,"href":"https:\/\/www.protec.com.br\/es\/wp-json\/wp\/v2\/media\/44412"}],"wp:attachment":[{"href":"https:\/\/www.protec.com.br\/es\/wp-json\/wp\/v2\/media?parent=44411"}],"wp:term":[{"taxonomy":"category","embeddable":true,"href":"https:\/\/www.protec.com.br\/es\/wp-json\/wp\/v2\/categories?post=44411"},{"taxonomy":"post_tag","embeddable":true,"href":"https:\/\/www.protec.com.br\/es\/wp-json\/wp\/v2\/tags?post=44411"}],"curies":[{"name":"wp","href":"https:\/\/api.w.org\/{rel}","templated":true}]}}