{"id":47653,"date":"2026-09-04T16:16:54","date_gmt":"2026-09-04T19:16:54","guid":{"rendered":"https:\/\/www.protec.com.br\/?p=47653"},"modified":"2026-09-04T16:16:54","modified_gmt":"2026-09-04T19:16:54","slug":"protec-jornada-norte-nordeste","status":"publish","type":"post","link":"https:\/\/www.protec.com.br\/en\/protec-jornada-norte-nordeste\/","title":{"rendered":"PROTEC na 18\u00aa Jornada Norte-Nordeste de Centro Cir\u00fargico e CME"},"content":{"rendered":"<div class=\"x_elementToProof\" data-olk-copy-source=\"MessageBody\">\n<div class=\"x_elementToProof\">\n<h1><b data-olk-copy-source=\"MessageBody\">PROTEC na 18\u00aa Jornada Norte-Nordeste de Centro Cir\u00fargico e CME: ind\u00fastria refor\u00e7a compromisso com a seguran\u00e7a do paciente<\/b><\/h1>\n<p>A\u00a0<b>PROTEC<\/b>\u00a0esteve presente na\u00a0<b>18\u00aa Jornada Norte-Nordeste de Centro Cir\u00fargico e Central de Material e Esteriliza\u00e7\u00e3o (CME)<\/b>, realizada em Fortaleza, no Cear\u00e1, entre os dias <strong>25 e 28 de agosto de 2026<\/strong>. Reconhecida como uma das principais refer\u00eancias na fabrica\u00e7\u00e3o de equipamentos m\u00e9dico-hospitalares, a PROTEC marcou presen\u00e7a no evento em parceria com sua representa\u00e7\u00e3o local, refor\u00e7ando seu relacionamento com profissionais de sa\u00fade, clientes e parceiros das regi\u00f5es Norte e Nordeste do pa\u00eds \u2014 e sua contribui\u00e7\u00e3o direta para a seguran\u00e7a do paciente no ambiente hospitalar.<\/p>\n<p>A participa\u00e7\u00e3o da PROTEC na Jornada se traduziu em contribui\u00e7\u00e3o concreta para a programa\u00e7\u00e3o cient\u00edfica do evento, por meio do patroc\u00ednio de uma palestra de grande relev\u00e2ncia para o setor e da apresenta\u00e7\u00e3o de uma novidade em seu portf\u00f3lio de produtos.<\/p>\n<h2><b>A relev\u00e2ncia da 18\u00aa Jornada Norte-Nordeste de Centro Cir\u00fargico e CME<\/b><\/h2>\n<p>Consolidada no calend\u00e1rio nacional da enfermagem perioperat\u00f3ria, a Jornada Norte-Nordeste de Centro Cir\u00fargico e Central de Material e Esteriliza\u00e7\u00e3o reuniu, em sua 18\u00aa edi\u00e7\u00e3o, enfermeiros, t\u00e9cnicos, gestores hospitalares e demais profissionais da sa\u00fade para discutir atualiza\u00e7\u00f5es t\u00e9cnicas, boas pr\u00e1ticas assistenciais e os desafios cotidianos do Centro Cir\u00fargico e da CME. Ao longo da programa\u00e7\u00e3o, temas como processamento de produtos para a sa\u00fade, controle de infec\u00e7\u00f5es e seguran\u00e7a do paciente estiveram no centro dos debates, refor\u00e7ando a import\u00e2ncia da capacita\u00e7\u00e3o cont\u00ednua para quem atua na linha de frente da assist\u00eancia hospitalar.<\/p>\n<p>Para a PROTEC, participar de um evento com esse alcance cient\u00edfico \u00e9 uma forma concreta de estar ao lado de quem enfrenta, todos os dias, os desafios reais da rotina hospitalar. A presen\u00e7a da marca\u00a0 permitiu uma aproxima\u00e7\u00e3o direta com profissionais de sa\u00fade, clientes e parceiros de diferentes localidades do Norte e do Nordeste, refor\u00e7ando um relacionamento constru\u00eddo ao longo dos anos com base na confian\u00e7a, na qualidade dos produtos e no compromisso com a educa\u00e7\u00e3o continuada do setor.<\/p>\n<h3><b>Palestra patrocinada pela PROTEC discute CME, acredita\u00e7\u00e3o e seguran\u00e7a do paciente<\/b><\/h3>\n<p>Um dos pontos altos da participa\u00e7\u00e3o da PROTEC na Jornada foi o patroc\u00ednio da palestra\u00a0<b>&#8220;O impacto da CME na seguran\u00e7a do paciente, o desafio da acredita\u00e7\u00e3o e o papel estrat\u00e9gico da equipe&#8221;<\/b>, conduzida pela especialista Monalisa Santana.<\/p>\n<p>A apresenta\u00e7\u00e3o abordou eixos centrais para quem atua na Central de Material e Esteriliza\u00e7\u00e3o, entre eles:<\/p>\n<ul>\n<li>a contribui\u00e7\u00e3o direta da CME para a seguran\u00e7a do paciente;<\/li>\n<li>os desafios enfrentados pelas institui\u00e7\u00f5es de sa\u00fade nos processos de acredita\u00e7\u00e3o;<\/li>\n<li>a import\u00e2ncia do cumprimento rigoroso de protocolos e requisitos de qualidade;<\/li>\n<li>o papel estrat\u00e9gico \u2014 e muitas vezes pouco reconhecido \u2014 dos profissionais que atuam na CME;<\/li>\n<li>a necessidade de integra\u00e7\u00e3o entre equipes assistenciais, gestores, fornecedores e ind\u00fastria.<\/li>\n<\/ul>\n<p>Ao apoiar essa iniciativa, a PROTEC reafirma sua vis\u00e3o de que o avan\u00e7o da seguran\u00e7a do paciente depende de um esfor\u00e7o compartilhado entre todos os elos da cadeia da sa\u00fade. Iniciativas como essa fortalecem as boas pr\u00e1ticas no processamento de produtos para a sa\u00fade e valorizam o conhecimento t\u00e9cnico como ferramenta essencial de transforma\u00e7\u00e3o do setor \u2014 um dos pilares que sustentam a atua\u00e7\u00e3o da PROTEC junto ao mercado hospitalar.<\/p>\n<h4><strong>CEO Alexander Massadi traz a vis\u00e3o da ind\u00fastria sobre certifica\u00e7\u00f5es e qualidade<\/strong><\/h4>\n<p>A palestra contou ainda com a participa\u00e7\u00e3o do CEO da PROTEC, <a href=\"https:\/\/www.instagram.com\/reel\/DcjqeNMlFgC\/?utm_source=ig_web_copy_link&amp;igsi=MzRlODBiNWFlZA==\" target=\"_blank\" rel=\"noopener\"><b>Alexander Massadi<\/b><\/a>, que levou ao p\u00fablico a perspectiva da ind\u00fastria sobre um tema que atravessa toda a cadeia da assist\u00eancia \u00e0 sa\u00fade: a responsabilidade compartilhada pela seguran\u00e7a do paciente.\u00a0Em sua fala, o executivo destacou pontos como:<\/p>\n<ul>\n<li>o papel estrat\u00e9gico da ind\u00fastria na constru\u00e7\u00e3o de ambientes assistenciais mais seguros;<\/li>\n<li>a responsabilidade dos fabricantes na qualidade e na confiabilidade dos equipamentos m\u00e9dico-hospitalares;<\/li>\n<li>a relev\u00e2ncia das certifica\u00e7\u00f5es e da conformidade regulat\u00f3ria como pilares de confian\u00e7a para hospitais e profissionais de sa\u00fade;<\/li>\n<li>o investimento cont\u00ednuo da PROTEC em desenvolvimento, controle de qualidade e seguran\u00e7a de seus produtos;<\/li>\n<li>a import\u00e2ncia da colabora\u00e7\u00e3o entre ind\u00fastria, institui\u00e7\u00f5es de sa\u00fade e profissionais assistenciais.<\/li>\n<\/ul>\n<p>A contribui\u00e7\u00e3o de\u00a0<b>Alexander Massadi\u00a0<\/b>somou-se \u00e0 condu\u00e7\u00e3o de\u00a0<b>Monalisa Santana<\/b>, ampliando o debate e evidenciando que a seguran\u00e7a do paciente \u00e9 resultado de um trabalho conjunto \u2014 que envolve, ao mesmo tempo, gest\u00e3o hospitalar, capacita\u00e7\u00e3o t\u00e9cnica das equipes e o compromisso da ind\u00fastria com a qualidade daquilo que chega \u00e0s m\u00e3os dos profissionais de sa\u00fade.<\/p>\n<p><b>Lan\u00e7amento: Reanimador Premium com v\u00e1lvula integrada \u00e9 apresentado na Jornada<\/b><\/p>\n<\/div>\n<\/div>\n<p><a href=\"https:\/\/www.protec.com.br\/en\/?s=reanimador+com+v%C3%A1lvula+integrada&amp;post_type=product&amp;dgwt_wcas=1\"><img fetchpriority=\"high\" decoding=\"async\" class=\"alignnone wp-image-47677\" src=\"https:\/\/www.protec.com.br\/wp-content\/uploads\/2026\/09\/Reanimador-com-valvula-integrada-300x171.png\" alt=\"Reanimador com v\u00e1lvula integrada\" width=\"384\" height=\"219\" srcset=\"https:\/\/www.protec.com.br\/wp-content\/uploads\/2026\/09\/Reanimador-com-valvula-integrada-300x171.png 300w, https:\/\/www.protec.com.br\/wp-content\/uploads\/2026\/09\/Reanimador-com-valvula-integrada-1024x583.png 1024w, https:\/\/www.protec.com.br\/wp-content\/uploads\/2026\/09\/Reanimador-com-valvula-integrada-768x437.png 768w, https:\/\/www.protec.com.br\/wp-content\/uploads\/2026\/09\/Reanimador-com-valvula-integrada-1536x875.png 1536w, https:\/\/www.protec.com.br\/wp-content\/uploads\/2026\/09\/Reanimador-com-valvula-integrada-2048x1166.png 2048w, https:\/\/www.protec.com.br\/wp-content\/uploads\/2026\/09\/Reanimador-com-valvula-integrada-18x10.png 18w, https:\/\/www.protec.com.br\/wp-content\/uploads\/2026\/09\/Reanimador-com-valvula-integrada-600x342.png 600w, https:\/\/www.protec.com.br\/wp-content\/uploads\/2026\/09\/Reanimador-com-valvula-integrada-64x36.png 64w\" sizes=\"(max-width: 384px) 100vw, 384px\" \/><\/a><\/p>\n<div class=\"x_elementToProof\" data-olk-copy-source=\"MessageBody\">\n<p class=\"x_elementToProof\"><span style=\"font-size: 16px;\">Desenvolvido para oferecer ventila\u00e7\u00e3o pulmonar manual eficiente, segura e confort\u00e1vel em atendimentos de emerg\u00eancia, ressuscita\u00e7\u00e3o cardiopulmonar (RCP), transporte de pacientes e suporte ventilat\u00f3rio em ambientes hospitalares e pr\u00e9-hospitalares, o novo reanimador incorpora uma <\/span><strong style=\"font-size: 16px;\"><a href=\"https:\/\/www.instagram.com\/reel\/Dc1AvquDdRN\/?utm_source=ig_web_copy_link&amp;igsi=NTc4MTIwNjQ2YQ==\" target=\"_blank\" rel=\"noopener\">v\u00e1lvula inferior integrada<\/a><\/strong><span style=\"font-size: 16px;\"> que reduz o n\u00famero de componentes do equipamento. Essa inova\u00e7\u00e3o simplifica a montagem e a desmontagem do produto, agilizando os processos de higieniza\u00e7\u00e3o e otimizando a rotina da Central de Material e Esteriliza\u00e7\u00e3o \u2014 exatamente o p\u00fablico que a Jornada re\u00fane.<\/span><\/p>\n<p class=\"x_elementToProof\" data-olk-copy-source=\"MessageBody\">Ao apresentar essa novidade justamente durante um evento voltado \u00e0 CME, a PROTEC refor\u00e7a a coer\u00eancia entre discurso e pr\u00e1tica: a mesma empresa que discute os desafios da acredita\u00e7\u00e3o e da seguran\u00e7a do paciente tamb\u00e9m investe em solu\u00e7\u00f5es desenvolvidas para facilitar o dia a dia de quem trabalha nesses processos.<\/p>\n<h5><b>PROTEC: compromisso que vai al\u00e9m do produto<\/b><\/h5>\n<p>A participa\u00e7\u00e3o da PROTEC na 18\u00aa Jornada Norte-Nordeste de Centro Cir\u00fargico e CME reflete um posicionamento consistente da marca: o de uma ind\u00fastria que entende seu papel para al\u00e9m da fabrica\u00e7\u00e3o de equipamentos m\u00e9dico-hospitalares. Ao patrocinar uma palestra de peso cient\u00edfico, levar a voz de seu CEO ao debate sobre certifica\u00e7\u00f5es e qualidade, e apresentar um lan\u00e7amento pensado para a realidade da CME, a PROTEC reafirma seu prop\u00f3sito de contribuir para processos assistenciais mais seguros.<\/p>\n<p>A presen\u00e7a da PROTEC no evento apoiou na constru\u00e7\u00e3o de conte\u00fado relevante para os profissionais de Centro Cir\u00fargico e CME das regi\u00f5es Norte e Nordeste, refor\u00e7ando seu compromisso com a educa\u00e7\u00e3o continuada, com o desenvolvimento do setor e com a entrega de solu\u00e7\u00f5es m\u00e9dico-hospitalares seguras e de qualidade \u2014 valores que seguem no centro da atua\u00e7\u00e3o da PROTEC em todo o pa\u00eds, sempre alinhando ao seu prop\u00f3sito de ser correspons\u00e1vel em salvar vidas.<\/p>\n<p>Link: <a href=\"https:\/\/www.protec.com.br\/en\/catalogos-protec\/\">Cat\u00e1logo PROTEC<\/a><\/p>\n<p>Saiba mais sobre o <a href=\"https:\/\/www.protec.com.br\/en\/?s=reanimador+com+v%C3%A1lvula+integrada&amp;post_type=product&amp;dgwt_wcas=1\"><strong>Reanimador com v\u00e1lvula integrada<\/strong><\/a><\/p>\n<\/div>","protected":false},"excerpt":{"rendered":"<p>PROTEC na 18\u00aa Jornada Norte-Nordeste de Centro Cir\u00fargico e CME: ind\u00fastria refor\u00e7a compromisso com a seguran\u00e7a do paciente A\u00a0PROTEC\u00a0esteve presente na\u00a018\u00aa Jornada Norte-Nordeste de Centro Cir\u00fargico e Central de Material e Esteriliza\u00e7\u00e3o (CME), realizada em Fortaleza, no Cear\u00e1, entre os dias 25 e 28 de agosto de 2026. Reconhecida como uma das principais refer\u00eancias na [&hellip;]<\/p>\n","protected":false},"author":6219,"featured_media":47682,"comment_status":"open","ping_status":"open","sticky":false,"template":"","format":"standard","meta":{"_acf_changed":false,"footnotes":""},"categories":[39],"tags":[631,634,633,627,635,629,630,632,555,618,601],"class_list":["post-47653","post","type-post","status-publish","format-standard","has-post-thumbnail","hentry","category-blog","tag-alexander-massadi","tag-centro-cirurgico-e-cme","tag-cme-fortaleza","tag-emergencia-medica","tag-evento-medico","tag-jornada-cme","tag-jornada-norte-nordeste","tag-monalisa-santana","tag-protec","tag-rd-mediq","tag-reanimador-com-valvula-integrada"],"acf":[],"_links":{"self":[{"href":"https:\/\/www.protec.com.br\/en\/wp-json\/wp\/v2\/posts\/47653","targetHints":{"allow":["GET"]}}],"collection":[{"href":"https:\/\/www.protec.com.br\/en\/wp-json\/wp\/v2\/posts"}],"about":[{"href":"https:\/\/www.protec.com.br\/en\/wp-json\/wp\/v2\/types\/post"}],"author":[{"embeddable":true,"href":"https:\/\/www.protec.com.br\/en\/wp-json\/wp\/v2\/users\/6219"}],"replies":[{"embeddable":true,"href":"https:\/\/www.protec.com.br\/en\/wp-json\/wp\/v2\/comments?post=47653"}],"version-history":[{"count":12,"href":"https:\/\/www.protec.com.br\/en\/wp-json\/wp\/v2\/posts\/47653\/revisions"}],"predecessor-version":[{"id":47695,"href":"https:\/\/www.protec.com.br\/en\/wp-json\/wp\/v2\/posts\/47653\/revisions\/47695"}],"wp:featuredmedia":[{"embeddable":true,"href":"https:\/\/www.protec.com.br\/en\/wp-json\/wp\/v2\/media\/47682"}],"wp:attachment":[{"href":"https:\/\/www.protec.com.br\/en\/wp-json\/wp\/v2\/media?parent=47653"}],"wp:term":[{"taxonomy":"category","embeddable":true,"href":"https:\/\/www.protec.com.br\/en\/wp-json\/wp\/v2\/categories?post=47653"},{"taxonomy":"post_tag","embeddable":true,"href":"https:\/\/www.protec.com.br\/en\/wp-json\/wp\/v2\/tags?post=47653"}],"curies":[{"name":"wp","href":"https:\/\/api.w.org\/{rel}","templated":true}]}}